{"id":2424,"date":"2023-10-01T18:28:37","date_gmt":"2023-10-01T21:28:37","guid":{"rendered":"https:\/\/revistatrezemagazine.com\/?p=2424"},"modified":"2023-10-01T18:28:37","modified_gmt":"2023-10-01T21:28:37","slug":"a-semente-de-hoje-e-o-fruto-do-amanha","status":"publish","type":"post","link":"https:\/\/revistatrezemagazine.com\/index.php\/2023\/10\/01\/a-semente-de-hoje-e-o-fruto-do-amanha\/","title":{"rendered":"A semente de hoje \u00e9 o fruto do amanh\u00e3"},"content":{"rendered":"\n<p>O ano de 2023 marcou a retomada do Treze de forma competitiva nos campeonatos de base do Estado, o clube que vive um momento de reestrutura\u00e7\u00e3o com a atual diretoria, decidindo tamb\u00e9m investir na forma\u00e7\u00e3o de atletas em casa, s\u00f3 demonstra a seriedade com o planejamento de curto, m\u00e9dio e longo prazo do alvinegro e o Grupo Treze Magazine acredita nesta ideia, promovendo atletas, comiss\u00f5es e o clube nas m\u00eddias.<\/p>\n\n\n\n<p>Treze Academy \u00e9 a escolinha oficial do Treze Futebol Clube, sediada em Campina Grande-PB. Para meninos e meninas de 4 a 15 anos de idade, as aulas ocorrem todas as segundas e quartas a partir das 17 horas na Arena 70 e segundo o treinador David Costa que comp\u00f5e a comiss\u00e3o t\u00e9cnica de forma\u00e7\u00e3o, o projeto conta hoje com mais de 80 crian\u00e7as e v\u00e1rias j\u00e1 foram promovidas da  Academy para a Base do Galo, mostrando a seriedade da inicia\u00e7\u00e3o correta no esporte atrav\u00e9s do Treze.<\/p>\n\n\n\n<figure class=\"wp-block-image aligncenter size-full\"><img decoding=\"async\" loading=\"lazy\" width=\"786\" height=\"437\" src=\"https:\/\/revistatrezemagazine.com\/wp-content\/uploads\/2023\/10\/sub-15.jpg\" alt=\"\" class=\"wp-image-2426\"\/><figcaption class=\"wp-element-caption\"><em>Time do Treze Sub-15, 2023. (foto ASCOM Treze)<\/em><\/figcaption><\/figure>\n\n\n\n<p>Campeonato Paraibano Sub-15: a edi\u00e7\u00e3o deste ano foi um marco no atual processo de retomada dos planos de investimentos na base do Treze. Mesmo ainda de forma incipiente, o projeto j\u00e1 teve frutos a comemorar. N\u00e3o bastasse, o time ter chegado na final e com a melhor campanha dentre todos os times da competi\u00e7\u00e3o, o que lhe deu o direito de disputar o t\u00edtulo em casa e mesmo a ta\u00e7a n\u00e3o ficando em Campina, ficou provado que o trabalho come\u00e7ou bem feito com o competente treinador David Costa, inclusive, j\u00e1 negociando o volante A\u00edrton com o Botafogo-RJ, permanecendo vinculado ao Galo que ter\u00e1 participa\u00e7\u00f5es futuras. Al\u00e9m de revelar outros bons talentos.<\/p>\n\n\n\n<figure class=\"wp-block-image aligncenter size-full\"><img decoding=\"async\" loading=\"lazy\" width=\"786\" height=\"437\" src=\"https:\/\/revistatrezemagazine.com\/wp-content\/uploads\/2023\/10\/sub-17.jpg\" alt=\"\" class=\"wp-image-2427\"\/><figcaption class=\"wp-element-caption\"><em>Time do Treze Sub-17, 2023. (foto ASCOM Treze)<\/em><\/figcaption><\/figure>\n\n\n\n<p>Campeonato Paraibano Sub-17: Neste ano, foram tr\u00eas divis\u00f5es formadas para as disputas do Campeonato Paraibano e delas, a que teve menor desempenho chegou at\u00e9 as oitavas de final, comprovando a tradi\u00e7\u00e3o de competitividade do Treze. Os comandados do t\u00e9cnico Marcel \u00cdcaro foram eliminados para os patoenses ap\u00f3s uma sequ\u00eancia de duelos e muita confus\u00e3o.<\/p>\n\n\n\n<figure class=\"wp-block-image aligncenter size-full\"><img decoding=\"async\" loading=\"lazy\" width=\"786\" height=\"437\" src=\"https:\/\/revistatrezemagazine.com\/wp-content\/uploads\/2023\/10\/sub-20.jpg\" alt=\"\" class=\"wp-image-2428\"\/><figcaption class=\"wp-element-caption\"><em>Time do Treze Sub-20, 2023. (foto ASCOM Treze)<\/em><\/figcaption><\/figure>\n\n\n\n<p>Campeonato Paraibano sub-20: a categoria pr\u00e9-profissional foi extremamente disputada nesta temporada, times refor\u00e7ados e com muitos investimentos lutando pelo t\u00edtulo estadual e pelas vagas em competi\u00e7\u00f5es badaladas nacionalmente, como a Copa S\u00e3o Paulo de Futebol J\u00fanior e a Copa do Brasil, al\u00e9m da importante competi\u00e7\u00e3o regional da categoria, a Copa do Nordeste. O que certamente eleva os interesses por proporcionar visibilidade aos atletas e possibilitar situa\u00e7\u00f5es favor\u00e1veis no mercado da bola. O time treinado por \u00edtalo Nascimento fez uma boa campanha, venceu cl\u00e1ssico dos maiorais e chegou at\u00e9 as quartas de final. Deste elenco, o jogador Marquinhos foi emprestado ao ABC-RN e outros compor\u00e3o o elenco do Treze na pr\u00f3xima temporada.<\/p>\n\n\n\n<p>O Comit\u00ea T\u00e9cnico Gestor do Futebol Profissional do Treze, presidido tamb\u00e9m pelo Sr. Arthur Bolinha (presidente do clube) j\u00e1 se pronunciou no sentido de promover 5 (cinco) atletas oriundos da categoria de base sub-20, para o elenco profissional do Treze Futebol Clube na temporada 2024, o que al\u00e9m de gerar economia na folha, reflete a qualidade dos garotos ao n\u00edvel de disputar Campeonato Paraibano, Copa do Brasil, Copa do Nordeste e Brasileir\u00e3o pelo Galo.<\/p>\n\n\n\n<p>Da Reda\u00e7\u00e3o.<\/p>\n\n\n\n<p><\/p>\n","protected":false},"excerpt":{"rendered":"<p>O ano de 2023 marcou a retomada do Treze de forma competitiva nos campeonatos de base do Estado, o clube que vive um momento de reestrutura\u00e7\u00e3o com a atual diretoria, decidindo tamb\u00e9m investir na forma\u00e7\u00e3o de atletas em casa, s\u00f3 demonstra a seriedade com o planejamento de curto, m\u00e9dio e longo prazo do alvinegro e o Grupo Treze Magazine acredita nesta ideia, promovendo atletas, comiss\u00f5es e o clube nas m\u00eddias. Treze Academy \u00e9 a escolinha oficial do Treze Futebol Clube, sediada em Campina Grande-PB. Para meninos e meninas de 4 a 15 anos de idade, as aulas ocorrem todas as\u2026<\/p>\n","protected":false},"author":1,"featured_media":2429,"comment_status":"open","ping_status":"open","sticky":false,"template":"","format":"standard","meta":[],"categories":[3,1],"tags":[71,70,47,49,29,26],"blocksy_meta":"","aioseo_notices":[],"_links":{"self":[{"href":"https:\/\/revistatrezemagazine.com\/index.php\/wp-json\/wp\/v2\/posts\/2424"}],"collection":[{"href":"https:\/\/revistatrezemagazine.com\/index.php\/wp-json\/wp\/v2\/posts"}],"about":[{"href":"https:\/\/revistatrezemagazine.com\/index.php\/wp-json\/wp\/v2\/types\/post"}],"author":[{"embeddable":true,"href":"https:\/\/revistatrezemagazine.com\/index.php\/wp-json\/wp\/v2\/users\/1"}],"replies":[{"embeddable":true,"href":"https:\/\/revistatrezemagazine.com\/index.php\/wp-json\/wp\/v2\/comments?post=2424"}],"version-history":[{"count":1,"href":"https:\/\/revistatrezemagazine.com\/index.php\/wp-json\/wp\/v2\/posts\/2424\/revisions"}],"predecessor-version":[{"id":2430,"href":"https:\/\/revistatrezemagazine.com\/index.php\/wp-json\/wp\/v2\/posts\/2424\/revisions\/2430"}],"wp:featuredmedia":[{"embeddable":true,"href":"https:\/\/revistatrezemagazine.com\/index.php\/wp-json\/wp\/v2\/media\/2429"}],"wp:attachment":[{"href":"https:\/\/revistatrezemagazine.com\/index.php\/wp-json\/wp\/v2\/media?parent=2424"}],"wp:term":[{"taxonomy":"category","embeddable":true,"href":"https:\/\/revistatrezemagazine.com\/index.php\/wp-json\/wp\/v2\/categories?post=2424"},{"taxonomy":"post_tag","embeddable":true,"href":"https:\/\/revistatrezemagazine.com\/index.php\/wp-json\/wp\/v2\/tags?post=2424"}],"curies":[{"name":"wp","href":"https:\/\/api.w.org\/{rel}","templated":true}]}}