{"id":2433,"date":"2023-10-09T21:32:17","date_gmt":"2023-10-10T00:32:17","guid":{"rendered":"https:\/\/revistatrezemagazine.com\/?p=2433"},"modified":"2023-10-09T21:45:50","modified_gmt":"2023-10-10T00:45:50","slug":"estadio-presidente-vargas-do-treze-pode-virar-arena-multiuso-de-campina-grande","status":"publish","type":"post","link":"https:\/\/revistatrezemagazine.com\/index.php\/2023\/10\/09\/estadio-presidente-vargas-do-treze-pode-virar-arena-multiuso-de-campina-grande\/","title":{"rendered":"Est\u00e1dio Presidente Vargas do Treze pode virar Arena Multiuso de Campina Grande"},"content":{"rendered":"\n<p>O est\u00e1dio PV, que sempre foi motivo de orgulho para todos os trezeanos, palco de cl\u00e1ssicos, jogos memor\u00e1veis e tantas hist\u00f3rias pessoais vividas, poder\u00e1 se transformar em uma nova casa do Galo da Borborema com uma parceria almejada pela diretoria do clube.<\/p>\n\n\n\n<p>Situado em localiza\u00e7\u00e3o privilegiada, na margem do centro da cidade de campina grande, brejo paraibano, numa ampla \u00e1rea da qual o presidente do clube Arthur Bolinha sempre valorizou como ativo patrimonial, cabe ressaltar, que o PV \u00e9 o \u00fanico est\u00e1dio pr\u00f3prio do Estado da Para\u00edba, pertencente ao Treze Futebol Clube.<\/p>\n\n\n\n<figure class=\"wp-block-image aligncenter size-full\"><img decoding=\"async\" loading=\"lazy\" width=\"786\" height=\"437\" src=\"https:\/\/revistatrezemagazine.com\/wp-content\/uploads\/2023\/10\/reforma-pv.a.jpg\" alt=\"\" class=\"wp-image-2435\"\/><figcaption class=\"wp-element-caption\"><em>foto retirada da internet<\/em><\/figcaption><\/figure>\n\n\n\n<p>Est\u00e1 programado ainda para este m\u00eas de outubro (2023) uma reuni\u00e3o da alta c\u00fapula do Alvinegro com uma poss\u00edvel empresa parceira para a reforma integral do est\u00e1dio Presidente Vargas, pela possibilidade da administra\u00e7\u00e3o e explora\u00e7\u00e3o do nome no novo espa\u00e7o. A tend\u00eancia atual \u00e9 de arenas modernas que comportam novos empreendimentos agregados, assim, cresce a expectativa para essa justa causa em prol de t\u00e3o relevante s\u00edmbolo trezeano.<\/p>\n\n\n\n<figure class=\"wp-block-image aligncenter size-full\"><img decoding=\"async\" loading=\"lazy\" width=\"786\" height=\"437\" src=\"https:\/\/revistatrezemagazine.com\/wp-content\/uploads\/2023\/10\/reforma-pv.jpg\" alt=\"\" class=\"wp-image-2436\"\/><figcaption class=\"wp-element-caption\"><em>Foto ASCOM Treze<\/em><\/figcaption><\/figure>\n\n\n\n<p>Por outro lado, visando a pr\u00e9-temporada do time profissional que come\u00e7ar\u00e1 em 1\u00ba de dezembro, o gramado do est\u00e1dio PV est\u00e1 passando por uma reforma completa com extra\u00e7\u00e3o dos &#8220;p\u00e9s-de-galinha&#8221;, terraplanagem, adubagem e tratamento fino objetivando um campo de alt\u00edssimo n\u00edvel para toda a prepara\u00e7\u00e3o do Treze.<\/p>\n\n\n\n<p>Da reda\u00e7\u00e3o.<\/p>\n","protected":false},"excerpt":{"rendered":"<p>O est\u00e1dio PV, que sempre foi motivo de orgulho para todos os trezeanos, palco de cl\u00e1ssicos, jogos memor\u00e1veis e tantas hist\u00f3rias pessoais vividas, poder\u00e1 se transformar em uma nova casa do Galo da Borborema com uma parceria almejada pela diretoria do clube. Situado em localiza\u00e7\u00e3o privilegiada, na margem do centro da cidade de campina grande, brejo paraibano, numa ampla \u00e1rea da qual o presidente do clube Arthur Bolinha sempre valorizou como ativo patrimonial, cabe ressaltar, que o PV \u00e9 o \u00fanico est\u00e1dio pr\u00f3prio do Estado da Para\u00edba, pertencente ao Treze Futebol Clube. Est\u00e1 programado ainda para este m\u00eas de outubro\u2026<\/p>\n","protected":false},"author":1,"featured_media":2434,"comment_status":"open","ping_status":"open","sticky":false,"template":"","format":"standard","meta":[],"categories":[7],"tags":[75,72,49,74,73,29,26],"blocksy_meta":"","aioseo_notices":[],"_links":{"self":[{"href":"https:\/\/revistatrezemagazine.com\/index.php\/wp-json\/wp\/v2\/posts\/2433"}],"collection":[{"href":"https:\/\/revistatrezemagazine.com\/index.php\/wp-json\/wp\/v2\/posts"}],"about":[{"href":"https:\/\/revistatrezemagazine.com\/index.php\/wp-json\/wp\/v2\/types\/post"}],"author":[{"embeddable":true,"href":"https:\/\/revistatrezemagazine.com\/index.php\/wp-json\/wp\/v2\/users\/1"}],"replies":[{"embeddable":true,"href":"https:\/\/revistatrezemagazine.com\/index.php\/wp-json\/wp\/v2\/comments?post=2433"}],"version-history":[{"count":2,"href":"https:\/\/revistatrezemagazine.com\/index.php\/wp-json\/wp\/v2\/posts\/2433\/revisions"}],"predecessor-version":[{"id":2438,"href":"https:\/\/revistatrezemagazine.com\/index.php\/wp-json\/wp\/v2\/posts\/2433\/revisions\/2438"}],"wp:featuredmedia":[{"embeddable":true,"href":"https:\/\/revistatrezemagazine.com\/index.php\/wp-json\/wp\/v2\/media\/2434"}],"wp:attachment":[{"href":"https:\/\/revistatrezemagazine.com\/index.php\/wp-json\/wp\/v2\/media?parent=2433"}],"wp:term":[{"taxonomy":"category","embeddable":true,"href":"https:\/\/revistatrezemagazine.com\/index.php\/wp-json\/wp\/v2\/categories?post=2433"},{"taxonomy":"post_tag","embeddable":true,"href":"https:\/\/revistatrezemagazine.com\/index.php\/wp-json\/wp\/v2\/tags?post=2433"}],"curies":[{"name":"wp","href":"https:\/\/api.w.org\/{rel}","templated":true}]}}